{"id":2951,"date":"2025-05-02T12:45:41","date_gmt":"2025-05-02T12:45:41","guid":{"rendered":"https:\/\/schmidt-bender.hu\/?p=2951"},"modified":"2025-05-02T12:45:44","modified_gmt":"2025-05-02T12:45:44","slug":"schmidt-bender-at-laser-world-of-photonics-2025","status":"publish","type":"post","link":"https:\/\/schmidt-bender.hu\/en\/schmidt-bender-at-laser-world-of-photonics-2025\/","title":{"rendered":"Schmidt &amp; Bender at Laser World of Photonics 2025"},"content":{"rendered":"\n<h2 class=\"wp-block-heading\" id=\"h-from-24th-27th-june-come-and-visit-us-at-the-laserworld-of-photonics-in-munich\">From 24th-27th June, come and visit us at the Laserworld of Photonics in Munich!<\/h2>\n\n\n\n\n\n\n\n<figure class=\"wp-block-image size-full\"><img fetchpriority=\"high\" decoding=\"async\" width=\"474\" height=\"315\" src=\"https:\/\/schmidt-bender.hu\/wp-content\/uploads\/2025\/05\/th.jpg\" alt=\"\" class=\"wp-image-2952\" srcset=\"https:\/\/schmidt-bender.hu\/wp-content\/uploads\/2025\/05\/th.jpg 474w, https:\/\/schmidt-bender.hu\/wp-content\/uploads\/2025\/05\/th-300x199.jpg 300w\" sizes=\"(max-width: 474px) 100vw, 474px\" \/><\/figure>\n\n\n\n<p>Schmidt &amp; Bender is excited to announce its participation in the 27th Laser World of Photonics, the world&#8217;s leading trade fair for photonics components, systems, and applications. The event is scheduled from June 24th to 27th, 2025, at the Trade Fair Center in Munich, Germany. Attendees can visit us at Hall B2, Stand 255, to see our latest advancements in optical technologies and discuss potential collaborations. We look forward to engaging and meeting with industry leaders (both current customers and new potential customers!) and showing you our commitment to innovation and development in the photonics and optics sectors.<\/p>\n\n\n\n<h2 class=\"wp-block-heading\" id=\"h-\"><\/h2>\n","protected":false},"excerpt":{"rendered":"<p>From 24th-27th June, come and visit us at the Laserworld of Photonics in Munich! Schmidt &amp; Bender is excited to announce its participation in the 27th Laser World of Photonics, the world&#8217;s leading trade fair for photonics components, systems, and applications. The event is scheduled from June 24th to 27th, 2025, at the Trade Fair [&hellip;]<\/p>\n","protected":false},"author":6,"featured_media":0,"comment_status":"open","ping_status":"open","sticky":false,"template":"","format":"standard","meta":{"footnotes":""},"categories":[11],"tags":[],"class_list":["post-2951","post","type-post","status-publish","format-standard","hentry","category-uncategorized"],"yoast_head":"<!-- This site is optimized with the Yoast SEO Premium plugin v22.5 (Yoast SEO v24.4) - https:\/\/yoast.com\/wordpress\/plugins\/seo\/ -->\n<title>Schmidt &amp; Bender at Laser World of Photonics 2025 - Schmidt-Bender Hung\u00e1ria<\/title>\n<meta name=\"robots\" content=\"index, follow, max-snippet:-1, max-image-preview:large, max-video-preview:-1\" \/>\n<link rel=\"canonical\" href=\"https:\/\/schmidt-bender.hu\/en\/schmidt-bender-at-laser-world-of-photonics-2025\/\" \/>\n<meta property=\"og:locale\" content=\"en_US\" \/>\n<meta property=\"og:type\" content=\"article\" \/>\n<meta property=\"og:title\" content=\"Schmidt &amp; Bender at Laser World of Photonics 2025\" \/>\n<meta property=\"og:description\" content=\"From 24th-27th June, come and visit us at the Laserworld of Photonics in Munich! Schmidt &amp; Bender is excited to announce its participation in the 27th Laser World of Photonics, the world&#8217;s leading trade fair for photonics components, systems, and applications. The event is scheduled from June 24th to 27th, 2025, at the Trade Fair [&hellip;]\" \/>\n<meta property=\"og:url\" content=\"https:\/\/schmidt-bender.hu\/en\/schmidt-bender-at-laser-world-of-photonics-2025\/\" \/>\n<meta property=\"og:site_name\" content=\"Schmidt-Bender Hung\u00e1ria\" \/>\n<meta property=\"article:published_time\" content=\"2025-05-02T12:45:41+00:00\" \/>\n<meta property=\"article:modified_time\" content=\"2025-05-02T12:45:44+00:00\" \/>\n<meta property=\"og:image\" content=\"https:\/\/schmidt-bender.hu\/wp-content\/uploads\/2025\/05\/th.jpg\" \/>\n\t<meta property=\"og:image:width\" content=\"474\" \/>\n\t<meta property=\"og:image:height\" content=\"315\" \/>\n\t<meta property=\"og:image:type\" content=\"image\/jpeg\" \/>\n<meta name=\"author\" content=\"webmaster\" \/>\n<meta name=\"twitter:card\" content=\"summary_large_image\" \/>\n<meta name=\"twitter:label1\" content=\"Written by\" \/>\n\t<meta name=\"twitter:data1\" content=\"webmaster\" \/>\n\t<meta name=\"twitter:label2\" content=\"Est. reading time\" \/>\n\t<meta name=\"twitter:data2\" content=\"2 minutes\" \/>\n<script type=\"application\/ld+json\" class=\"yoast-schema-graph\">{\"@context\":\"https:\/\/schema.org\",\"@graph\":[{\"@type\":\"Article\",\"@id\":\"https:\/\/schmidt-bender.hu\/en\/schmidt-bender-at-laser-world-of-photonics-2025\/#article\",\"isPartOf\":{\"@id\":\"https:\/\/schmidt-bender.hu\/en\/schmidt-bender-at-laser-world-of-photonics-2025\/\"},\"author\":{\"name\":\"webmaster\",\"@id\":\"https:\/\/schmidt-bender.hu\/#\/schema\/person\/00a442b73664efcd9f1bf73eb4f1d89b\"},\"headline\":\"Schmidt &amp; Bender at Laser World of Photonics 2025\",\"datePublished\":\"2025-05-02T12:45:41+00:00\",\"dateModified\":\"2025-05-02T12:45:44+00:00\",\"mainEntityOfPage\":{\"@id\":\"https:\/\/schmidt-bender.hu\/en\/schmidt-bender-at-laser-world-of-photonics-2025\/\"},\"wordCount\":119,\"commentCount\":0,\"publisher\":{\"@id\":\"https:\/\/schmidt-bender.hu\/#organization\"},\"image\":{\"@id\":\"https:\/\/schmidt-bender.hu\/en\/schmidt-bender-at-laser-world-of-photonics-2025\/#primaryimage\"},\"thumbnailUrl\":\"https:\/\/schmidt-bender.hu\/wp-content\/uploads\/2025\/05\/th.jpg\",\"inLanguage\":\"en-US\",\"potentialAction\":[{\"@type\":\"CommentAction\",\"name\":\"Comment\",\"target\":[\"https:\/\/schmidt-bender.hu\/en\/schmidt-bender-at-laser-world-of-photonics-2025\/#respond\"]}]},{\"@type\":\"WebPage\",\"@id\":\"https:\/\/schmidt-bender.hu\/en\/schmidt-bender-at-laser-world-of-photonics-2025\/\",\"url\":\"https:\/\/schmidt-bender.hu\/en\/schmidt-bender-at-laser-world-of-photonics-2025\/\",\"name\":\"Schmidt &amp; Bender at Laser World of Photonics 2025 - Schmidt-Bender Hung\u00e1ria\",\"isPartOf\":{\"@id\":\"https:\/\/schmidt-bender.hu\/#website\"},\"primaryImageOfPage\":{\"@id\":\"https:\/\/schmidt-bender.hu\/en\/schmidt-bender-at-laser-world-of-photonics-2025\/#primaryimage\"},\"image\":{\"@id\":\"https:\/\/schmidt-bender.hu\/en\/schmidt-bender-at-laser-world-of-photonics-2025\/#primaryimage\"},\"thumbnailUrl\":\"https:\/\/schmidt-bender.hu\/wp-content\/uploads\/2025\/05\/th.jpg\",\"datePublished\":\"2025-05-02T12:45:41+00:00\",\"dateModified\":\"2025-05-02T12:45:44+00:00\",\"inLanguage\":\"en-US\",\"potentialAction\":[{\"@type\":\"ReadAction\",\"target\":[\"https:\/\/schmidt-bender.hu\/en\/schmidt-bender-at-laser-world-of-photonics-2025\/\"]}]},{\"@type\":\"ImageObject\",\"inLanguage\":\"en-US\",\"@id\":\"https:\/\/schmidt-bender.hu\/en\/schmidt-bender-at-laser-world-of-photonics-2025\/#primaryimage\",\"url\":\"https:\/\/schmidt-bender.hu\/wp-content\/uploads\/2025\/05\/th.jpg\",\"contentUrl\":\"https:\/\/schmidt-bender.hu\/wp-content\/uploads\/2025\/05\/th.jpg\"},{\"@type\":\"WebSite\",\"@id\":\"https:\/\/schmidt-bender.hu\/#website\",\"url\":\"https:\/\/schmidt-bender.hu\/\",\"name\":\"Schmidt-Bender Hung\u00e1ria\",\"description\":\"C\u00e9lt\u00e1vcs\u00f6vek, optika \u00e9s sz\u00e1loptika\",\"publisher\":{\"@id\":\"https:\/\/schmidt-bender.hu\/#organization\"},\"potentialAction\":[{\"@type\":\"SearchAction\",\"target\":{\"@type\":\"EntryPoint\",\"urlTemplate\":\"https:\/\/schmidt-bender.hu\/?s={search_term_string}\"},\"query-input\":{\"@type\":\"PropertyValueSpecification\",\"valueRequired\":true,\"valueName\":\"search_term_string\"}}],\"inLanguage\":\"en-US\"},{\"@type\":\"Organization\",\"@id\":\"https:\/\/schmidt-bender.hu\/#organization\",\"name\":\"Schmidt-Bender Hung\u00e1ria\",\"url\":\"https:\/\/schmidt-bender.hu\/\",\"logo\":{\"@type\":\"ImageObject\",\"inLanguage\":\"en-US\",\"@id\":\"https:\/\/schmidt-bender.hu\/#\/schema\/logo\/image\/\",\"url\":\"https:\/\/schmidt-bender.hu\/wp-content\/uploads\/2024\/03\/header_logo.png\",\"contentUrl\":\"https:\/\/schmidt-bender.hu\/wp-content\/uploads\/2024\/03\/header_logo.png\",\"width\":202,\"height\":41,\"caption\":\"Schmidt-Bender Hung\u00e1ria\"},\"image\":{\"@id\":\"https:\/\/schmidt-bender.hu\/#\/schema\/logo\/image\/\"}},{\"@type\":\"Person\",\"@id\":\"https:\/\/schmidt-bender.hu\/#\/schema\/person\/00a442b73664efcd9f1bf73eb4f1d89b\",\"name\":\"webmaster\",\"image\":{\"@type\":\"ImageObject\",\"inLanguage\":\"en-US\",\"@id\":\"https:\/\/schmidt-bender.hu\/#\/schema\/person\/image\/\",\"url\":\"https:\/\/secure.gravatar.com\/avatar\/cda5ff3232a98bf957200c97df3bbcd9?s=96&d=mm&r=g\",\"contentUrl\":\"https:\/\/secure.gravatar.com\/avatar\/cda5ff3232a98bf957200c97df3bbcd9?s=96&d=mm&r=g\",\"caption\":\"webmaster\"},\"url\":\"https:\/\/schmidt-bender.hu\/en\/author\/webmaster\/\"}]}<\/script>\n<!-- \/ Yoast SEO Premium plugin. -->","yoast_head_json":{"title":"Schmidt &amp; Bender at Laser World of Photonics 2025 - Schmidt-Bender Hung\u00e1ria","robots":{"index":"index","follow":"follow","max-snippet":"max-snippet:-1","max-image-preview":"max-image-preview:large","max-video-preview":"max-video-preview:-1"},"canonical":"https:\/\/schmidt-bender.hu\/en\/schmidt-bender-at-laser-world-of-photonics-2025\/","og_locale":"en_US","og_type":"article","og_title":"Schmidt &amp; Bender at Laser World of Photonics 2025","og_description":"From 24th-27th June, come and visit us at the Laserworld of Photonics in Munich! Schmidt &amp; Bender is excited to announce its participation in the 27th Laser World of Photonics, the world&#8217;s leading trade fair for photonics components, systems, and applications. The event is scheduled from June 24th to 27th, 2025, at the Trade Fair [&hellip;]","og_url":"https:\/\/schmidt-bender.hu\/en\/schmidt-bender-at-laser-world-of-photonics-2025\/","og_site_name":"Schmidt-Bender Hung\u00e1ria","article_published_time":"2025-05-02T12:45:41+00:00","article_modified_time":"2025-05-02T12:45:44+00:00","og_image":[{"width":474,"height":315,"url":"https:\/\/schmidt-bender.hu\/wp-content\/uploads\/2025\/05\/th.jpg","type":"image\/jpeg"}],"author":"webmaster","twitter_card":"summary_large_image","twitter_misc":{"Written by":"webmaster","Est. reading time":"2 minutes"},"schema":{"@context":"https:\/\/schema.org","@graph":[{"@type":"Article","@id":"https:\/\/schmidt-bender.hu\/en\/schmidt-bender-at-laser-world-of-photonics-2025\/#article","isPartOf":{"@id":"https:\/\/schmidt-bender.hu\/en\/schmidt-bender-at-laser-world-of-photonics-2025\/"},"author":{"name":"webmaster","@id":"https:\/\/schmidt-bender.hu\/#\/schema\/person\/00a442b73664efcd9f1bf73eb4f1d89b"},"headline":"Schmidt &amp; Bender at Laser World of Photonics 2025","datePublished":"2025-05-02T12:45:41+00:00","dateModified":"2025-05-02T12:45:44+00:00","mainEntityOfPage":{"@id":"https:\/\/schmidt-bender.hu\/en\/schmidt-bender-at-laser-world-of-photonics-2025\/"},"wordCount":119,"commentCount":0,"publisher":{"@id":"https:\/\/schmidt-bender.hu\/#organization"},"image":{"@id":"https:\/\/schmidt-bender.hu\/en\/schmidt-bender-at-laser-world-of-photonics-2025\/#primaryimage"},"thumbnailUrl":"https:\/\/schmidt-bender.hu\/wp-content\/uploads\/2025\/05\/th.jpg","inLanguage":"en-US","potentialAction":[{"@type":"CommentAction","name":"Comment","target":["https:\/\/schmidt-bender.hu\/en\/schmidt-bender-at-laser-world-of-photonics-2025\/#respond"]}]},{"@type":"WebPage","@id":"https:\/\/schmidt-bender.hu\/en\/schmidt-bender-at-laser-world-of-photonics-2025\/","url":"https:\/\/schmidt-bender.hu\/en\/schmidt-bender-at-laser-world-of-photonics-2025\/","name":"Schmidt &amp; Bender at Laser World of Photonics 2025 - Schmidt-Bender Hung\u00e1ria","isPartOf":{"@id":"https:\/\/schmidt-bender.hu\/#website"},"primaryImageOfPage":{"@id":"https:\/\/schmidt-bender.hu\/en\/schmidt-bender-at-laser-world-of-photonics-2025\/#primaryimage"},"image":{"@id":"https:\/\/schmidt-bender.hu\/en\/schmidt-bender-at-laser-world-of-photonics-2025\/#primaryimage"},"thumbnailUrl":"https:\/\/schmidt-bender.hu\/wp-content\/uploads\/2025\/05\/th.jpg","datePublished":"2025-05-02T12:45:41+00:00","dateModified":"2025-05-02T12:45:44+00:00","inLanguage":"en-US","potentialAction":[{"@type":"ReadAction","target":["https:\/\/schmidt-bender.hu\/en\/schmidt-bender-at-laser-world-of-photonics-2025\/"]}]},{"@type":"ImageObject","inLanguage":"en-US","@id":"https:\/\/schmidt-bender.hu\/en\/schmidt-bender-at-laser-world-of-photonics-2025\/#primaryimage","url":"https:\/\/schmidt-bender.hu\/wp-content\/uploads\/2025\/05\/th.jpg","contentUrl":"https:\/\/schmidt-bender.hu\/wp-content\/uploads\/2025\/05\/th.jpg"},{"@type":"WebSite","@id":"https:\/\/schmidt-bender.hu\/#website","url":"https:\/\/schmidt-bender.hu\/","name":"Schmidt-Bender Hung\u00e1ria","description":"C\u00e9lt\u00e1vcs\u00f6vek, optika \u00e9s sz\u00e1loptika","publisher":{"@id":"https:\/\/schmidt-bender.hu\/#organization"},"potentialAction":[{"@type":"SearchAction","target":{"@type":"EntryPoint","urlTemplate":"https:\/\/schmidt-bender.hu\/?s={search_term_string}"},"query-input":{"@type":"PropertyValueSpecification","valueRequired":true,"valueName":"search_term_string"}}],"inLanguage":"en-US"},{"@type":"Organization","@id":"https:\/\/schmidt-bender.hu\/#organization","name":"Schmidt-Bender Hung\u00e1ria","url":"https:\/\/schmidt-bender.hu\/","logo":{"@type":"ImageObject","inLanguage":"en-US","@id":"https:\/\/schmidt-bender.hu\/#\/schema\/logo\/image\/","url":"https:\/\/schmidt-bender.hu\/wp-content\/uploads\/2024\/03\/header_logo.png","contentUrl":"https:\/\/schmidt-bender.hu\/wp-content\/uploads\/2024\/03\/header_logo.png","width":202,"height":41,"caption":"Schmidt-Bender Hung\u00e1ria"},"image":{"@id":"https:\/\/schmidt-bender.hu\/#\/schema\/logo\/image\/"}},{"@type":"Person","@id":"https:\/\/schmidt-bender.hu\/#\/schema\/person\/00a442b73664efcd9f1bf73eb4f1d89b","name":"webmaster","image":{"@type":"ImageObject","inLanguage":"en-US","@id":"https:\/\/schmidt-bender.hu\/#\/schema\/person\/image\/","url":"https:\/\/secure.gravatar.com\/avatar\/cda5ff3232a98bf957200c97df3bbcd9?s=96&d=mm&r=g","contentUrl":"https:\/\/secure.gravatar.com\/avatar\/cda5ff3232a98bf957200c97df3bbcd9?s=96&d=mm&r=g","caption":"webmaster"},"url":"https:\/\/schmidt-bender.hu\/en\/author\/webmaster\/"}]}},"_links":{"self":[{"href":"https:\/\/schmidt-bender.hu\/en\/wp-json\/wp\/v2\/posts\/2951","targetHints":{"allow":["GET"]}}],"collection":[{"href":"https:\/\/schmidt-bender.hu\/en\/wp-json\/wp\/v2\/posts"}],"about":[{"href":"https:\/\/schmidt-bender.hu\/en\/wp-json\/wp\/v2\/types\/post"}],"author":[{"embeddable":true,"href":"https:\/\/schmidt-bender.hu\/en\/wp-json\/wp\/v2\/users\/6"}],"replies":[{"embeddable":true,"href":"https:\/\/schmidt-bender.hu\/en\/wp-json\/wp\/v2\/comments?post=2951"}],"version-history":[{"count":1,"href":"https:\/\/schmidt-bender.hu\/en\/wp-json\/wp\/v2\/posts\/2951\/revisions"}],"predecessor-version":[{"id":2954,"href":"https:\/\/schmidt-bender.hu\/en\/wp-json\/wp\/v2\/posts\/2951\/revisions\/2954"}],"wp:attachment":[{"href":"https:\/\/schmidt-bender.hu\/en\/wp-json\/wp\/v2\/media?parent=2951"}],"wp:term":[{"taxonomy":"category","embeddable":true,"href":"https:\/\/schmidt-bender.hu\/en\/wp-json\/wp\/v2\/categories?post=2951"},{"taxonomy":"post_tag","embeddable":true,"href":"https:\/\/schmidt-bender.hu\/en\/wp-json\/wp\/v2\/tags?post=2951"}],"curies":[{"name":"wp","href":"https:\/\/api.w.org\/{rel}","templated":true}]}}